{"id":1266,"date":"2025-09-03T12:05:22","date_gmt":"2025-09-03T11:05:22","guid":{"rendered":"http:\/\/crehange-country-dance.fr\/?p=1266"},"modified":"2025-09-03T13:04:27","modified_gmt":"2025-09-03T12:04:27","slug":"reprise-des-cours","status":"publish","type":"post","link":"https:\/\/crehange-country-dance.fr\/?p=1266","title":{"rendered":"Reprise des cours (11\/09\/25)"},"content":{"rendered":"<div class=\"pf-content\"><div style=\"background-repeat: no-repeat;\">\r\n<p>Hello tout le monde,<\/p>\r\n<p>Le temps des vacances touche \u00e0 sa fin, bient\u00f4t la rentr\u00e9e et la reprise des cours.<br \/>J&rsquo;esp\u00e8re que tout le monde va bien et que vous avez passez de bons moments.<\/p>\r\n<p>La reprise se fera le jeudi 11 septembre \u00e0 19h, avec St\u00e9phanie, \u00e0 Cr\u00e9anto.<\/p>\r\n<p>A tr\u00e8s bient\u00f4t.<\/p>\r\n\r\n<p>&nbsp;<\/p>\r\n<p>&nbsp;<\/p>\r\n<p>&nbsp;<\/p>\r\n<p>&nbsp;<\/p>\r\n<p>&nbsp;<\/p>\r\n<p>&nbsp;<\/p><\/div><\/div>","protected":false},"excerpt":{"rendered":"<p>Hello tout le monde, Le temps des vacances touche \u00e0 sa fin, bient\u00f4t la rentr\u00e9e et la reprise des cours.J&rsquo;esp\u00e8re que tout le monde va bien et que vous avez passez de bons moments. La reprise se fera le jeudi 11 septembre \u00e0 19h, avec St\u00e9phanie, \u00e0 Cr\u00e9anto. A tr\u00e8s bient\u00f4t. &nbsp; &nbsp; &nbsp; &nbsp; [&hellip;]<\/p>\n","protected":false},"author":1,"featured_media":0,"comment_status":"closed","ping_status":"open","sticky":false,"template":"","format":"standard","meta":[],"categories":[2],"tags":[],"_links":{"self":[{"href":"https:\/\/crehange-country-dance.fr\/index.php?rest_route=\/wp\/v2\/posts\/1266"}],"collection":[{"href":"https:\/\/crehange-country-dance.fr\/index.php?rest_route=\/wp\/v2\/posts"}],"about":[{"href":"https:\/\/crehange-country-dance.fr\/index.php?rest_route=\/wp\/v2\/types\/post"}],"author":[{"embeddable":true,"href":"https:\/\/crehange-country-dance.fr\/index.php?rest_route=\/wp\/v2\/users\/1"}],"replies":[{"embeddable":true,"href":"https:\/\/crehange-country-dance.fr\/index.php?rest_route=%2Fwp%2Fv2%2Fcomments&post=1266"}],"version-history":[{"count":9,"href":"https:\/\/crehange-country-dance.fr\/index.php?rest_route=\/wp\/v2\/posts\/1266\/revisions"}],"predecessor-version":[{"id":1804,"href":"https:\/\/crehange-country-dance.fr\/index.php?rest_route=\/wp\/v2\/posts\/1266\/revisions\/1804"}],"wp:attachment":[{"href":"https:\/\/crehange-country-dance.fr\/index.php?rest_route=%2Fwp%2Fv2%2Fmedia&parent=1266"}],"wp:term":[{"taxonomy":"category","embeddable":true,"href":"https:\/\/crehange-country-dance.fr\/index.php?rest_route=%2Fwp%2Fv2%2Fcategories&post=1266"},{"taxonomy":"post_tag","embeddable":true,"href":"https:\/\/crehange-country-dance.fr\/index.php?rest_route=%2Fwp%2Fv2%2Ftags&post=1266"}],"curies":[{"name":"wp","href":"https:\/\/api.w.org\/{rel}","templated":true}]}}